{"id":844,"date":"2014-04-27T21:02:14","date_gmt":"2014-04-27T20:02:14","guid":{"rendered":"http:\/\/www.francais-d-allemagne.eu\/nord\/?p=844"},"modified":"2017-01-08T16:11:52","modified_gmt":"2017-01-08T15:11:52","slug":"hannovre-la-nouvelle-maison-du-jardin-denfants-les-petits-gaulois","status":"publish","type":"post","link":"https:\/\/www.francais-d-allemagne.eu\/nord\/2014\/04\/27\/hannovre-la-nouvelle-maison-du-jardin-denfants-les-petits-gaulois\/","title":{"rendered":"Hanovre, la nouvelle maison du jardin d&rsquo;enfants \u00ab\u00a0Les petits gaulois\u00a0\u00bb"},"content":{"rendered":"<p><img loading=\"lazy\" decoding=\"async\" class=\"size-medium wp-image-850 alignleft\" src=\"https:\/\/www.francais-d-allemagne.eu\/nord\/wp-content\/uploads\/sites\/2\/2014\/04\/hanovreavril-030-300x225.jpg\" alt=\"hanovreavril 030\" width=\"300\" height=\"225\" srcset=\"https:\/\/www.francais-d-allemagne.eu\/nord\/wp-content\/uploads\/sites\/2\/2014\/04\/hanovreavril-030-300x225.jpg 300w, https:\/\/www.francais-d-allemagne.eu\/nord\/wp-content\/uploads\/sites\/2\/2014\/04\/hanovreavril-030-1024x768.jpg 1024w\" sizes=\"auto, (max-width: 300px) 100vw, 300px\" \/>Vendredi 25 avril, nous nous sommes rendus \u00e0 Hanovre. \u00a0Apr\u00e8s un entretien avec le consul honoraire pour aborder plusieurs sujets dont les d\u00e9marches administratives et la petite enfance, nous avons termin\u00e9 la journ\u00e9e \u00e0\u00a0la Richtfest du jardin d&rsquo;enfants francophone-allemand\u00a0(la couronne de feuilles c\u00e9l\u00e8bre la fin des travaux de gros oeuvre du b\u00e2timent principal). La structure devrait accueillir une centaine d&rsquo;enfants tr\u00e8s prochainement, nous avons suivi les travaux depuis son commencement.<\/p>\n<p>Cette structure servira \u00e9galement pour plusieurs \u00e9v\u00e9nements francophones. Bravo \u00e0 toutes les personnes qui ont fait de ce projet une r\u00e9alit\u00e9 !<\/p>\n","protected":false},"excerpt":{"rendered":"<p>Vendredi 25 avril, nous nous sommes rendus \u00e0 Hanovre. \u00a0Apr\u00e8s un entretien avec le consul honoraire pour aborder plusieurs sujets dont les d\u00e9marches administratives et la petite enfance, nous avons termin\u00e9 la journ\u00e9e \u00e0\u00a0la Richtfest du jardin d&rsquo;enfants francophone-allemand\u00a0(la couronne de feuilles c\u00e9l\u00e8bre la fin des travaux de gros oeuvre du b\u00e2timent principal). La structure [&hellip;]<\/p>\n","protected":false},"author":3,"featured_media":851,"comment_status":"closed","ping_status":"open","sticky":false,"template":"","format":"standard","meta":{"jetpack_post_was_ever_published":false,"_jetpack_newsletter_access":"","_jetpack_dont_email_post_to_subs":false,"_jetpack_newsletter_tier_id":0,"_jetpack_memberships_contains_paywalled_content":false,"_jetpack_memberships_contains_paid_content":false,"footnotes":"","jetpack_publicize_message":"","jetpack_publicize_feature_enabled":true,"jetpack_social_post_already_shared":true,"jetpack_social_options":{"image_generator_settings":{"template":"highway","default_image_id":0,"font":"","enabled":false},"version":2}},"categories":[77],"tags":[52,167,72],"class_list":["post-844","post","type-post","status-publish","format-standard","has-post-thumbnail","hentry","category-education-2","tag-basse-saxe","tag-hanovre","tag-jardins-denfants"],"jetpack_publicize_connections":[],"jetpack_featured_media_url":"https:\/\/www.francais-d-allemagne.eu\/nord\/wp-content\/uploads\/sites\/2\/2014\/04\/hanovreavril-028-e1483886746591.jpg","jetpack_sharing_enabled":true,"jetpack_shortlink":"https:\/\/wp.me\/p4ndNg-dC","_links":{"self":[{"href":"https:\/\/www.francais-d-allemagne.eu\/nord\/wp-json\/wp\/v2\/posts\/844","targetHints":{"allow":["GET"]}}],"collection":[{"href":"https:\/\/www.francais-d-allemagne.eu\/nord\/wp-json\/wp\/v2\/posts"}],"about":[{"href":"https:\/\/www.francais-d-allemagne.eu\/nord\/wp-json\/wp\/v2\/types\/post"}],"author":[{"embeddable":true,"href":"https:\/\/www.francais-d-allemagne.eu\/nord\/wp-json\/wp\/v2\/users\/3"}],"replies":[{"embeddable":true,"href":"https:\/\/www.francais-d-allemagne.eu\/nord\/wp-json\/wp\/v2\/comments?post=844"}],"version-history":[{"count":11,"href":"https:\/\/www.francais-d-allemagne.eu\/nord\/wp-json\/wp\/v2\/posts\/844\/revisions"}],"predecessor-version":[{"id":2895,"href":"https:\/\/www.francais-d-allemagne.eu\/nord\/wp-json\/wp\/v2\/posts\/844\/revisions\/2895"}],"wp:featuredmedia":[{"embeddable":true,"href":"https:\/\/www.francais-d-allemagne.eu\/nord\/wp-json\/wp\/v2\/media\/851"}],"wp:attachment":[{"href":"https:\/\/www.francais-d-allemagne.eu\/nord\/wp-json\/wp\/v2\/media?parent=844"}],"wp:term":[{"taxonomy":"category","embeddable":true,"href":"https:\/\/www.francais-d-allemagne.eu\/nord\/wp-json\/wp\/v2\/categories?post=844"},{"taxonomy":"post_tag","embeddable":true,"href":"https:\/\/www.francais-d-allemagne.eu\/nord\/wp-json\/wp\/v2\/tags?post=844"}],"curies":[{"name":"wp","href":"https:\/\/api.w.org\/{rel}","templated":true}]}}