{"id":929,"date":"2014-05-01T21:52:19","date_gmt":"2014-05-01T20:52:19","guid":{"rendered":"http:\/\/www.francais-d-allemagne.eu\/nord\/?p=929"},"modified":"2017-01-08T17:15:35","modified_gmt":"2017-01-08T16:15:35","slug":"un-1er-mai-europeen","status":"publish","type":"post","link":"https:\/\/www.francais-d-allemagne.eu\/nord\/2014\/05\/01\/un-1er-mai-europeen\/","title":{"rendered":"Un 1er Mai Europ\u00e9en"},"content":{"rendered":"<p style=\"text-align: justify\">Jeudi 1er mai 2014, comme chaque ann\u00e9e, le PS Hambourg et le PS Berlin d\u00e9file avec le SPD. \u00catre engag\u00e9 \u00e0 l&rsquo;\u00e9tranger, c&rsquo;est aussi s&rsquo;engager avec les partis fr\u00e8res. Le 25 mai, vous \u00e9lirez vos conseillers consulaires pour plus de solidarit\u00e9, mais aussi vos d\u00e9put\u00e9s Europ\u00e9ens pour une Europe plus sociale.<\/p>\n<figure id=\"attachment_930\" aria-describedby=\"caption-attachment-930\" style=\"width: 300px\" class=\"wp-caption aligncenter\"><a href=\"https:\/\/www.francais-d-allemagne.eu\/nord\/wp-content\/uploads\/sites\/2\/2014\/05\/1er-mai.jpg\"><img loading=\"lazy\" decoding=\"async\" class=\"size-medium wp-image-930\" alt=\"1er mai 2014\" src=\"https:\/\/www.francais-d-allemagne.eu\/nord\/wp-content\/uploads\/sites\/2\/2014\/05\/1er-mai-300x225.jpg\" width=\"300\" height=\"225\" srcset=\"https:\/\/www.francais-d-allemagne.eu\/nord\/wp-content\/uploads\/sites\/2\/2014\/05\/1er-mai-300x225.jpg 300w, https:\/\/www.francais-d-allemagne.eu\/nord\/wp-content\/uploads\/sites\/2\/2014\/05\/1er-mai.jpg 960w\" sizes=\"auto, (max-width: 300px) 100vw, 300px\" \/><\/a><figcaption id=\"caption-attachment-930\" class=\"wp-caption-text\">1er mai 2014, Nicolas, \u00e0 Hambourg<\/figcaption><\/figure>\n<figure id=\"attachment_931\" aria-describedby=\"caption-attachment-931\" style=\"width: 300px\" class=\"wp-caption aligncenter\"><a href=\"https:\/\/www.francais-d-allemagne.eu\/nord\/wp-content\/uploads\/sites\/2\/2014\/05\/photo-5.jpg\"><img loading=\"lazy\" decoding=\"async\" class=\"size-medium wp-image-931\" alt=\"1er Mai 2014\" src=\"https:\/\/www.francais-d-allemagne.eu\/nord\/wp-content\/uploads\/sites\/2\/2014\/05\/photo-5-300x225.jpg\" width=\"300\" height=\"225\" srcset=\"https:\/\/www.francais-d-allemagne.eu\/nord\/wp-content\/uploads\/sites\/2\/2014\/05\/photo-5-300x225.jpg 300w, https:\/\/www.francais-d-allemagne.eu\/nord\/wp-content\/uploads\/sites\/2\/2014\/05\/photo-5.jpg 640w\" sizes=\"auto, (max-width: 300px) 100vw, 300px\" \/><\/a><figcaption id=\"caption-attachment-931\" class=\"wp-caption-text\">1er Mai 2014, comme chaque ann\u00e9e, le PS et le SPD d\u00e9filent ensemble \u00e0 Berlin.<\/figcaption><\/figure>\n","protected":false},"excerpt":{"rendered":"<p>Jeudi 1er mai 2014, comme chaque ann\u00e9e, le PS Hambourg et le PS Berlin d\u00e9file avec le SPD. \u00catre engag\u00e9 \u00e0 l&rsquo;\u00e9tranger, c&rsquo;est aussi s&rsquo;engager avec les partis fr\u00e8res. Le 25 mai, vous \u00e9lirez vos conseillers consulaires pour plus de solidarit\u00e9, mais aussi vos d\u00e9put\u00e9s Europ\u00e9ens pour une Europe plus sociale.<\/p>\n","protected":false},"author":3,"featured_media":0,"comment_status":"closed","ping_status":"open","sticky":false,"template":"","format":"standard","meta":{"jetpack_post_was_ever_published":false,"_jetpack_newsletter_access":"","_jetpack_dont_email_post_to_subs":false,"_jetpack_newsletter_tier_id":0,"_jetpack_memberships_contains_paywalled_content":false,"_jetpack_memberships_contains_paid_content":false,"footnotes":"","jetpack_publicize_message":"","jetpack_publicize_feature_enabled":true,"jetpack_social_post_already_shared":true,"jetpack_social_options":{"image_generator_settings":{"template":"highway","default_image_id":0,"font":"","enabled":false},"version":2}},"categories":[84],"tags":[33,32],"class_list":["post-929","post","type-post","status-publish","format-standard","hentry","category-actualites","tag-1er-mai","tag-europe-sociale"],"jetpack_publicize_connections":[],"jetpack_featured_media_url":"","jetpack_sharing_enabled":true,"jetpack_shortlink":"https:\/\/wp.me\/p4ndNg-eZ","_links":{"self":[{"href":"https:\/\/www.francais-d-allemagne.eu\/nord\/wp-json\/wp\/v2\/posts\/929","targetHints":{"allow":["GET"]}}],"collection":[{"href":"https:\/\/www.francais-d-allemagne.eu\/nord\/wp-json\/wp\/v2\/posts"}],"about":[{"href":"https:\/\/www.francais-d-allemagne.eu\/nord\/wp-json\/wp\/v2\/types\/post"}],"author":[{"embeddable":true,"href":"https:\/\/www.francais-d-allemagne.eu\/nord\/wp-json\/wp\/v2\/users\/3"}],"replies":[{"embeddable":true,"href":"https:\/\/www.francais-d-allemagne.eu\/nord\/wp-json\/wp\/v2\/comments?post=929"}],"version-history":[{"count":1,"href":"https:\/\/www.francais-d-allemagne.eu\/nord\/wp-json\/wp\/v2\/posts\/929\/revisions"}],"predecessor-version":[{"id":932,"href":"https:\/\/www.francais-d-allemagne.eu\/nord\/wp-json\/wp\/v2\/posts\/929\/revisions\/932"}],"wp:attachment":[{"href":"https:\/\/www.francais-d-allemagne.eu\/nord\/wp-json\/wp\/v2\/media?parent=929"}],"wp:term":[{"taxonomy":"category","embeddable":true,"href":"https:\/\/www.francais-d-allemagne.eu\/nord\/wp-json\/wp\/v2\/categories?post=929"},{"taxonomy":"post_tag","embeddable":true,"href":"https:\/\/www.francais-d-allemagne.eu\/nord\/wp-json\/wp\/v2\/tags?post=929"}],"curies":[{"name":"wp","href":"https:\/\/api.w.org\/{rel}","templated":true}]}}