{"id":948,"date":"2014-05-04T20:19:04","date_gmt":"2014-05-04T19:19:04","guid":{"rendered":"http:\/\/www.francais-d-allemagne.eu\/nord\/?p=948"},"modified":"2017-01-08T17:15:59","modified_gmt":"2017-01-08T16:15:59","slug":"samedi-03-mai-cafe-citoyen-a-dresde","status":"publish","type":"post","link":"https:\/\/www.francais-d-allemagne.eu\/nord\/2014\/05\/04\/samedi-03-mai-cafe-citoyen-a-dresde\/","title":{"rendered":"Samedi 03 Mai, caf\u00e9 citoyen \u00e0 Dresde"},"content":{"rendered":"<p style=\"text-align: justify\"><a href=\"https:\/\/www.francais-d-allemagne.eu\/nord\/wp-content\/uploads\/sites\/2\/2014\/05\/Foto-5.jpg\"><img loading=\"lazy\" decoding=\"async\" class=\"aligncenter\" alt=\"Foto 5\" src=\"https:\/\/www.francais-d-allemagne.eu\/nord\/wp-content\/uploads\/sites\/2\/2014\/05\/Foto-5-225x300.jpg\" width=\"225\" height=\"300\" \/><\/a><\/p>\n<p style=\"text-align: justify\">Ce samedi 03 mai, C\u00e9line Bonnamy et Natacha Boroukhoff, toutes les deux colisti\u00e8res, ont rencontr\u00e9 au caf\u00e9 Neustadt plusieurs Fran\u00e7ais de Dresde et de sa r\u00e9gion. Deux personnes sont \u00e9galement venues de Chemnitz.<br \/>\nLa Saxe est \u00ab\u00a0souvent oubli\u00e9e\u00a0\u00bb, \u00ab\u00a0souvent isol\u00e9e\u00a0\u00bb par rapport aux grandes villes que sont Berlin et Hambourg. Il a \u00e9t\u00e9 soulign\u00e9 que seule la gauche a souvent fait le d\u00e9placement dans le Land, que ce soit Monsieur Loiseau, pendant son mandat \u00e0 l&rsquo;assembl\u00e9e des Fran\u00e7ais de l&rsquo;\u00e9tranger, et \u00e9galement avec la venue du d\u00e9put\u00e9 Pierre-Yves Le borgn&rsquo; en mars dernier qui a inscrit la Saxe au rang de ses priorit\u00e9s et mis en avant la permanence consulaire tous les mercredi matin \u00e0 Leipzig.<br \/>\nLes rencontres permettent notamment de conna\u00eetre les probl\u00e9matiques de chaque r\u00e9gion de la circonscription.<\/p>\n<p style=\"text-align: justify\">Si vous venez de la Saxe et que vous souhaitez recevoir des informations sur votre r\u00e9gion, veuillez contacter <a title=\"Contactez-nous !\" href=\"https:\/\/www.francais-d-allemagne.eu\/nord\/contact\/\">C\u00e9line Bonnamy<\/a>, colisti\u00e8re de Leipzig.<\/p>\n<figure id=\"attachment_949\" aria-describedby=\"caption-attachment-949\" style=\"width: 300px\" class=\"wp-caption aligncenter\"><a href=\"https:\/\/www.francais-d-allemagne.eu\/nord\/wp-content\/uploads\/sites\/2\/2014\/05\/Foto-4.jpg\"><img loading=\"lazy\" decoding=\"async\" class=\"size-medium wp-image-949\" alt=\"Foto 4\" src=\"https:\/\/www.francais-d-allemagne.eu\/nord\/wp-content\/uploads\/sites\/2\/2014\/05\/Foto-4-300x225.jpg\" width=\"300\" height=\"225\" srcset=\"https:\/\/www.francais-d-allemagne.eu\/nord\/wp-content\/uploads\/sites\/2\/2014\/05\/Foto-4-300x225.jpg 300w, https:\/\/www.francais-d-allemagne.eu\/nord\/wp-content\/uploads\/sites\/2\/2014\/05\/Foto-4-1024x768.jpg 1024w, https:\/\/www.francais-d-allemagne.eu\/nord\/wp-content\/uploads\/sites\/2\/2014\/05\/Foto-4.jpg 1701w\" sizes=\"auto, (max-width: 300px) 100vw, 300px\" \/><\/a><figcaption id=\"caption-attachment-949\" class=\"wp-caption-text\">Mutter Erde Festival, pour un environnement vert et durable pour la ville de Dresde.<\/figcaption><\/figure>\n<p>&nbsp;<\/p>\n<p style=\"text-align: justify\">\n<p style=\"text-align: justify\">Les initiatives, locales en faveur de l&rsquo;environnement ne manquent pas sur Dresde. Les habitants sont tr\u00e9s impliqu\u00e9s. Nous nous sommes donc rendus dimanche au Mutter Erde Festival dans le quartier Neustadt de Dresde. La journ\u00e9e s&rsquo;est termin\u00e9e par une distribution des flyers dans la ville.<\/p>\n<p style=\"text-align: justify\">\n<p style=\"text-align: justify\">\n<figure id=\"attachment_951\" aria-describedby=\"caption-attachment-951\" style=\"width: 225px\" class=\"wp-caption aligncenter\"><a href=\"https:\/\/www.francais-d-allemagne.eu\/nord\/wp-content\/uploads\/sites\/2\/2014\/05\/Foto-2.jpg\"><img loading=\"lazy\" decoding=\"async\" class=\"size-medium wp-image-951\" alt=\"Foto 2\" src=\"https:\/\/www.francais-d-allemagne.eu\/nord\/wp-content\/uploads\/sites\/2\/2014\/05\/Foto-2-225x300.jpg\" width=\"225\" height=\"300\" srcset=\"https:\/\/www.francais-d-allemagne.eu\/nord\/wp-content\/uploads\/sites\/2\/2014\/05\/Foto-2-225x300.jpg 225w, https:\/\/www.francais-d-allemagne.eu\/nord\/wp-content\/uploads\/sites\/2\/2014\/05\/Foto-2-768x1024.jpg 768w, https:\/\/www.francais-d-allemagne.eu\/nord\/wp-content\/uploads\/sites\/2\/2014\/05\/Foto-2.jpg 1701w\" sizes=\"auto, (max-width: 225px) 100vw, 225px\" \/><\/a><figcaption id=\"caption-attachment-951\" class=\"wp-caption-text\">De passage au Gr\u00fcne Ecke de Dresde pour distribuer les flyers de la dynamique citoyenne.<\/figcaption><\/figure>\n<p style=\"text-align: justify\">Un autre caf\u00e9 citoyen est pr\u00e9vu sur Leipzig courant Ao\u00fbt\/Septembre.<\/p>\n","protected":false},"excerpt":{"rendered":"<p>Ce samedi 03 mai, C\u00e9line Bonnamy et Natacha Boroukhoff, toutes les deux colisti\u00e8res, ont rencontr\u00e9 au caf\u00e9 Neustadt plusieurs Fran\u00e7ais de Dresde et de sa r\u00e9gion. Deux personnes sont \u00e9galement venues de Chemnitz. La Saxe est \u00ab\u00a0souvent oubli\u00e9e\u00a0\u00bb, \u00ab\u00a0souvent isol\u00e9e\u00a0\u00bb par rapport aux grandes villes que sont Berlin et Hambourg. Il a \u00e9t\u00e9 soulign\u00e9 que [&hellip;]<\/p>\n","protected":false},"author":3,"featured_media":0,"comment_status":"closed","ping_status":"open","sticky":false,"template":"","format":"standard","meta":{"jetpack_post_was_ever_published":false,"_jetpack_newsletter_access":"","_jetpack_dont_email_post_to_subs":false,"_jetpack_newsletter_tier_id":0,"_jetpack_memberships_contains_paywalled_content":false,"_jetpack_memberships_contains_paid_content":false,"footnotes":"","jetpack_publicize_message":"","jetpack_publicize_feature_enabled":true,"jetpack_social_post_already_shared":true,"jetpack_social_options":{"image_generator_settings":{"template":"highway","default_image_id":0,"font":"","enabled":false},"version":2}},"categories":[84],"tags":[35,39,34,47,36,43,168,38],"class_list":["post-948","post","type-post","status-publish","format-standard","hentry","category-actualites","tag-cafe-citoyen","tag-chemnitz","tag-dresde","tag-elections-consulaires","tag-environnement","tag-initiatives-locales","tag-leipzig","tag-saxe"],"jetpack_publicize_connections":[],"jetpack_featured_media_url":"","jetpack_sharing_enabled":true,"jetpack_shortlink":"https:\/\/wp.me\/p4ndNg-fi","_links":{"self":[{"href":"https:\/\/www.francais-d-allemagne.eu\/nord\/wp-json\/wp\/v2\/posts\/948","targetHints":{"allow":["GET"]}}],"collection":[{"href":"https:\/\/www.francais-d-allemagne.eu\/nord\/wp-json\/wp\/v2\/posts"}],"about":[{"href":"https:\/\/www.francais-d-allemagne.eu\/nord\/wp-json\/wp\/v2\/types\/post"}],"author":[{"embeddable":true,"href":"https:\/\/www.francais-d-allemagne.eu\/nord\/wp-json\/wp\/v2\/users\/3"}],"replies":[{"embeddable":true,"href":"https:\/\/www.francais-d-allemagne.eu\/nord\/wp-json\/wp\/v2\/comments?post=948"}],"version-history":[{"count":2,"href":"https:\/\/www.francais-d-allemagne.eu\/nord\/wp-json\/wp\/v2\/posts\/948\/revisions"}],"predecessor-version":[{"id":954,"href":"https:\/\/www.francais-d-allemagne.eu\/nord\/wp-json\/wp\/v2\/posts\/948\/revisions\/954"}],"wp:attachment":[{"href":"https:\/\/www.francais-d-allemagne.eu\/nord\/wp-json\/wp\/v2\/media?parent=948"}],"wp:term":[{"taxonomy":"category","embeddable":true,"href":"https:\/\/www.francais-d-allemagne.eu\/nord\/wp-json\/wp\/v2\/categories?post=948"},{"taxonomy":"post_tag","embeddable":true,"href":"https:\/\/www.francais-d-allemagne.eu\/nord\/wp-json\/wp\/v2\/tags?post=948"}],"curies":[{"name":"wp","href":"https:\/\/api.w.org\/{rel}","templated":true}]}}